{"id":70,"date":"2017-09-01T15:00:01","date_gmt":"2017-09-01T13:00:01","guid":{"rendered":"http:\/\/amfac60.org\/?p=70"},"modified":"2017-09-26T22:06:19","modified_gmt":"2017-09-26T20:06:19","slug":"fede-rail-2017-le-club-dans-rmf","status":"publish","type":"post","link":"http:\/\/amfac60.org\/?p=70","title":{"rendered":"F\u00e9d\u00e9 Rail 2017 &#8211; Le club dans RMF"},"content":{"rendered":"<p>Les 3 &amp; 4 juin 2017 se tenait la 3\u00e8me \u00e9dition de l&rsquo;exposition de la F\u00e9d\u00e9ration Fran\u00e7aise de Mod\u00e9lisme Ferroviaire, F\u00e9d\u00e9 Rail, qui se d\u00e9roulait cette ann\u00e9e \u00e0 Rosny sous Bois (93).\u00a0L&rsquo;<em><strong>Association des Mod\u00e9listes Ferroviaires de l&rsquo;Aire Cantilienne<\/strong><\/em> exposait un r\u00e9seau constitu\u00e9 du module de \u00ab\u00a0l&rsquo;Annexe Traction\u00a0\u00bb et de la coulisse de manoeuvre.<\/p>\n<p>La pr\u00e9sence de notre r\u00e9seau a \u00e9t\u00e9 remarqu\u00e9e par la revue RMF, qui lui a consacr\u00e9 la premi\u00e8re photo de son reportage dans le n\u00b0624 de septembre.<\/p>\n<p><img decoding=\"async\" loading=\"lazy\" class=\"alignnone wp-image-71 size-large\" src=\"http:\/\/yqw1589.phpnet.org\/wordpress\/wordpress\/wp-content\/uploads\/2017\/09\/RMF-624-F\u00e9d\u00e9-Rail-2017-e1506344337730-681x1024.jpg\" alt=\"\" width=\"640\" height=\"962\" srcset=\"http:\/\/yqw1589.phpnet.org\/wordpress\/wordpress\/wp-content\/uploads\/2017\/09\/RMF-624-F\u00e9d\u00e9-Rail-2017-e1506344337730-681x1024.jpg 681w, http:\/\/yqw1589.phpnet.org\/wordpress\/wordpress\/wp-content\/uploads\/2017\/09\/RMF-624-F\u00e9d\u00e9-Rail-2017-e1506344337730-200x300.jpg 200w, http:\/\/yqw1589.phpnet.org\/wordpress\/wordpress\/wp-content\/uploads\/2017\/09\/RMF-624-F\u00e9d\u00e9-Rail-2017-e1506344337730-768x1154.jpg 768w\" sizes=\"(max-width: 640px) 100vw, 640px\" \/><\/p>\n","protected":false},"excerpt":{"rendered":"<p>Les 3 &amp; 4 juin 2017 se tenait la 3\u00e8me \u00e9dition de l&rsquo;exposition de la F\u00e9d\u00e9ration Fran\u00e7aise de Mod\u00e9lisme Ferroviaire, F\u00e9d\u00e9 Rail, qui se d\u00e9roulait cette ann\u00e9e \u00e0 Rosny sous&#8230; <a class=\"read-more\" href=\"http:\/\/amfac60.org\/?p=70\">[Continuer la lecture]<\/a><\/p>\n","protected":false},"author":3,"featured_media":71,"comment_status":"open","ping_status":"open","sticky":false,"template":"","format":"standard","meta":[],"categories":[9,5],"tags":[],"_links":{"self":[{"href":"http:\/\/amfac60.org\/index.php?rest_route=\/wp\/v2\/posts\/70"}],"collection":[{"href":"http:\/\/amfac60.org\/index.php?rest_route=\/wp\/v2\/posts"}],"about":[{"href":"http:\/\/amfac60.org\/index.php?rest_route=\/wp\/v2\/types\/post"}],"author":[{"embeddable":true,"href":"http:\/\/amfac60.org\/index.php?rest_route=\/wp\/v2\/users\/3"}],"replies":[{"embeddable":true,"href":"http:\/\/amfac60.org\/index.php?rest_route=%2Fwp%2Fv2%2Fcomments&post=70"}],"version-history":[{"count":5,"href":"http:\/\/amfac60.org\/index.php?rest_route=\/wp\/v2\/posts\/70\/revisions"}],"predecessor-version":[{"id":115,"href":"http:\/\/amfac60.org\/index.php?rest_route=\/wp\/v2\/posts\/70\/revisions\/115"}],"wp:featuredmedia":[{"embeddable":true,"href":"http:\/\/amfac60.org\/index.php?rest_route=\/wp\/v2\/media\/71"}],"wp:attachment":[{"href":"http:\/\/amfac60.org\/index.php?rest_route=%2Fwp%2Fv2%2Fmedia&parent=70"}],"wp:term":[{"taxonomy":"category","embeddable":true,"href":"http:\/\/amfac60.org\/index.php?rest_route=%2Fwp%2Fv2%2Fcategories&post=70"},{"taxonomy":"post_tag","embeddable":true,"href":"http:\/\/amfac60.org\/index.php?rest_route=%2Fwp%2Fv2%2Ftags&post=70"}],"curies":[{"name":"wp","href":"https:\/\/api.w.org\/{rel}","templated":true}]}}