{"id":63,"date":"2017-09-09T17:30:40","date_gmt":"2017-09-09T15:30:40","guid":{"rendered":"http:\/\/amfac60.org\/?p=63"},"modified":"2017-09-23T13:31:24","modified_gmt":"2017-09-23T11:31:24","slug":"forum-des-associations-de-chantilly","status":"publish","type":"post","link":"http:\/\/amfac60.org\/?p=63","title":{"rendered":"Forum des associations de Chantilly"},"content":{"rendered":"<p>Le 9 septembre, l&rsquo;<em><strong>Association des Mod\u00e9listes de l&rsquo;Aire Cantilienne<\/strong><\/em> participait pour la premi\u00e8re fois au forum des associations de la ville de Chantilly.<\/p>\n<p>R\u00e9seau install\u00e9 et tablette en main, nous avons pu faire d\u00e9couvrir nos activit\u00e9s aux Cantiliens venus, pour la plupart en famille, faire le tour des nombreuses activit\u00e9s associatives pr\u00e9sentes dans la ville.<\/p>\n<p>De nombreux contacts ont \u00e9t\u00e9 pris, en particulier avec de jeunes amateurs&#8230; esp\u00e9rons qu&rsquo;il d\u00e9boucheront sur l&rsquo;arriv\u00e9e de nouveaux adh\u00e9rents.<\/p>\n","protected":false},"excerpt":{"rendered":"<p>Le 9 septembre, l&rsquo;Association des Mod\u00e9listes de l&rsquo;Aire Cantilienne participait pour la premi\u00e8re fois au forum des associations de la ville de Chantilly. R\u00e9seau install\u00e9 et tablette en main, nous&#8230; <a class=\"read-more\" href=\"http:\/\/amfac60.org\/?p=63\">[Continuer la lecture]<\/a><\/p>\n","protected":false},"author":3,"featured_media":0,"comment_status":"open","ping_status":"open","sticky":false,"template":"","format":"standard","meta":[],"categories":[9,5],"tags":[],"_links":{"self":[{"href":"http:\/\/amfac60.org\/index.php?rest_route=\/wp\/v2\/posts\/63"}],"collection":[{"href":"http:\/\/amfac60.org\/index.php?rest_route=\/wp\/v2\/posts"}],"about":[{"href":"http:\/\/amfac60.org\/index.php?rest_route=\/wp\/v2\/types\/post"}],"author":[{"embeddable":true,"href":"http:\/\/amfac60.org\/index.php?rest_route=\/wp\/v2\/users\/3"}],"replies":[{"embeddable":true,"href":"http:\/\/amfac60.org\/index.php?rest_route=%2Fwp%2Fv2%2Fcomments&post=63"}],"version-history":[{"count":1,"href":"http:\/\/amfac60.org\/index.php?rest_route=\/wp\/v2\/posts\/63\/revisions"}],"predecessor-version":[{"id":64,"href":"http:\/\/amfac60.org\/index.php?rest_route=\/wp\/v2\/posts\/63\/revisions\/64"}],"wp:attachment":[{"href":"http:\/\/amfac60.org\/index.php?rest_route=%2Fwp%2Fv2%2Fmedia&parent=63"}],"wp:term":[{"taxonomy":"category","embeddable":true,"href":"http:\/\/amfac60.org\/index.php?rest_route=%2Fwp%2Fv2%2Fcategories&post=63"},{"taxonomy":"post_tag","embeddable":true,"href":"http:\/\/amfac60.org\/index.php?rest_route=%2Fwp%2Fv2%2Ftags&post=63"}],"curies":[{"name":"wp","href":"https:\/\/api.w.org\/{rel}","templated":true}]}}