{"id":137,"date":"2018-05-17T21:53:55","date_gmt":"2018-05-17T19:53:55","guid":{"rendered":"http:\/\/amfac60.org\/?p=137"},"modified":"2018-05-18T18:41:43","modified_gmt":"2018-05-18T16:41:43","slug":"exposition-le-rail-dans-tous-ses-etats-a-chelles-77","status":"publish","type":"post","link":"http:\/\/amfac60.org\/?p=137","title":{"rendered":"Exposition \u00ab\u00a0Le Rail dans tous ses \u00e9tats\u00a0\u00bb \u00e0 Chelles (77)"},"content":{"rendered":"<p>A l&rsquo;invitation du <strong><em>Rail Club du Pays de Meaux<\/em><\/strong>, notre club exposait son r\u00e9seau les 12 &amp; 13 mai derniers lors de l&rsquo;exposition \u00ab\u00a0Le Rail dans tous ses \u00e9tats\u00a0\u00bb. L&rsquo;\u00e9v\u00e8nement s&rsquo;accompagnait de portes ouvertes des \u00e9tablissements <em><strong>TSO<\/strong><\/em>, sp\u00e9cialis\u00e9s dans les travaux d&rsquo;infrastructure ferroviaire.<\/p>\n<p><img decoding=\"async\" loading=\"lazy\" class=\"size-large wp-image-140 aligncenter\" src=\"http:\/\/yqw1589.phpnet.org\/wordpress\/wordpress\/wp-content\/uploads\/2018\/05\/20180513_092606-1024x768.jpg\" alt=\"\" width=\"640\" height=\"480\" srcset=\"http:\/\/yqw1589.phpnet.org\/wordpress\/wordpress\/wp-content\/uploads\/2018\/05\/20180513_092606-1024x768.jpg 1024w, http:\/\/yqw1589.phpnet.org\/wordpress\/wordpress\/wp-content\/uploads\/2018\/05\/20180513_092606-300x225.jpg 300w, http:\/\/yqw1589.phpnet.org\/wordpress\/wordpress\/wp-content\/uploads\/2018\/05\/20180513_092606-768x576.jpg 768w\" sizes=\"(max-width: 640px) 100vw, 640px\" \/><\/p>\n<p>Il \u00e9tait \u00e9galement possible de visiter le mus\u00e9e des transports.<\/p>\n<p><img decoding=\"async\" loading=\"lazy\" class=\"size-large wp-image-148 aligncenter\" src=\"http:\/\/yqw1589.phpnet.org\/wordpress\/wordpress\/wp-content\/uploads\/2018\/05\/20180513_103939-1024x768.jpg\" alt=\"\" width=\"640\" height=\"480\" srcset=\"http:\/\/yqw1589.phpnet.org\/wordpress\/wordpress\/wp-content\/uploads\/2018\/05\/20180513_103939-1024x768.jpg 1024w, http:\/\/yqw1589.phpnet.org\/wordpress\/wordpress\/wp-content\/uploads\/2018\/05\/20180513_103939-300x225.jpg 300w, http:\/\/yqw1589.phpnet.org\/wordpress\/wordpress\/wp-content\/uploads\/2018\/05\/20180513_103939-768x576.jpg 768w\" sizes=\"(max-width: 640px) 100vw, 640px\" \/><\/p>\n<p>C&rsquo;\u00e9tait une occasion r\u00eav\u00e9e pour rassembler sur notre r\u00e9seau quelques locomotives de trains de travaux, comme cette V216 TSO r\u00e9alis\u00e9e en 2004 sur la base d&rsquo;une BB67901 Roco Playtime.<\/p>\n<p>&nbsp;<\/p>\n<p>Notre stand \u00e9tait accol\u00e9 \u00e0 celui de la <em><strong>F\u00e9d\u00e9ration Fran\u00e7aise de Mod\u00e9lisme Ferroviaire<\/strong><\/em>. Nous avons pu, pendant tout le week-end, \u00e9changer avec de nombreux visiteurs aupr\u00e8s desquels notre r\u00e9seau a de nouveau rencontr\u00e9 un vif succ\u00e8s. Les faibles dimensions de l&rsquo;ensemble et le pilotage digital, au moyen d&rsquo;un tablette, demeurent des \u00e9l\u00e9ments attractifs.<\/p>\n<p><img decoding=\"async\" loading=\"lazy\" class=\"size-large wp-image-138 aligncenter\" src=\"http:\/\/yqw1589.phpnet.org\/wordpress\/wordpress\/wp-content\/uploads\/2018\/05\/20180512_132928-1024x768.jpg\" alt=\"\" width=\"640\" height=\"480\" srcset=\"http:\/\/yqw1589.phpnet.org\/wordpress\/wordpress\/wp-content\/uploads\/2018\/05\/20180512_132928-1024x768.jpg 1024w, http:\/\/yqw1589.phpnet.org\/wordpress\/wordpress\/wp-content\/uploads\/2018\/05\/20180512_132928-300x225.jpg 300w, http:\/\/yqw1589.phpnet.org\/wordpress\/wordpress\/wp-content\/uploads\/2018\/05\/20180512_132928-768x576.jpg 768w\" sizes=\"(max-width: 640px) 100vw, 640px\" \/><\/p>\n<p>Le blog \u00ab\u00a0<em><strong>Le Train de Manu<\/strong><\/em>\u00ab\u00a0, dont nous avons rencontr\u00e9 l&rsquo;auteur avec qui nous avons longuement \u00e9chang\u00e9, a publi\u00e9 un <a href=\"http:\/\/letraindemanu.canalblog.com\/archives\/2018\/05\/15\/36403442.html\" target=\"_blank\" rel=\"noopener\">compte-rendu de l&rsquo;exposition<\/a> dont une partie nous est consacr\u00e9e.<\/p>\n<p>&nbsp;<\/p>\n<p>&nbsp;<\/p>\n","protected":false},"excerpt":{"rendered":"<p>A l&rsquo;invitation du Rail Club du Pays de Meaux, notre club exposait son r\u00e9seau les 12 &amp; 13 mai derniers lors de l&rsquo;exposition \u00ab\u00a0Le Rail dans tous ses \u00e9tats\u00a0\u00bb. L&rsquo;\u00e9v\u00e8nement&#8230; <a class=\"read-more\" href=\"http:\/\/amfac60.org\/?p=137\">[Continuer la lecture]<\/a><\/p>\n","protected":false},"author":3,"featured_media":139,"comment_status":"closed","ping_status":"open","sticky":false,"template":"","format":"standard","meta":[],"categories":[9,5],"tags":[11,10],"_links":{"self":[{"href":"http:\/\/amfac60.org\/index.php?rest_route=\/wp\/v2\/posts\/137"}],"collection":[{"href":"http:\/\/amfac60.org\/index.php?rest_route=\/wp\/v2\/posts"}],"about":[{"href":"http:\/\/amfac60.org\/index.php?rest_route=\/wp\/v2\/types\/post"}],"author":[{"embeddable":true,"href":"http:\/\/amfac60.org\/index.php?rest_route=\/wp\/v2\/users\/3"}],"replies":[{"embeddable":true,"href":"http:\/\/amfac60.org\/index.php?rest_route=%2Fwp%2Fv2%2Fcomments&post=137"}],"version-history":[{"count":7,"href":"http:\/\/amfac60.org\/index.php?rest_route=\/wp\/v2\/posts\/137\/revisions"}],"predecessor-version":[{"id":151,"href":"http:\/\/amfac60.org\/index.php?rest_route=\/wp\/v2\/posts\/137\/revisions\/151"}],"wp:featuredmedia":[{"embeddable":true,"href":"http:\/\/amfac60.org\/index.php?rest_route=\/wp\/v2\/media\/139"}],"wp:attachment":[{"href":"http:\/\/amfac60.org\/index.php?rest_route=%2Fwp%2Fv2%2Fmedia&parent=137"}],"wp:term":[{"taxonomy":"category","embeddable":true,"href":"http:\/\/amfac60.org\/index.php?rest_route=%2Fwp%2Fv2%2Fcategories&post=137"},{"taxonomy":"post_tag","embeddable":true,"href":"http:\/\/amfac60.org\/index.php?rest_route=%2Fwp%2Fv2%2Ftags&post=137"}],"curies":[{"name":"wp","href":"https:\/\/api.w.org\/{rel}","templated":true}]}}