{"id":104,"date":"2016-04-15T22:30:00","date_gmt":"2016-04-15T20:30:00","guid":{"rendered":"http:\/\/amfac60.org\/?p=104"},"modified":"2017-09-29T14:18:43","modified_gmt":"2017-09-29T12:18:43","slug":"remise-de-lannexe-traction-un-kit-du-commerce-adapte-2","status":"publish","type":"post","link":"http:\/\/amfac60.org\/?p=104","title":{"rendered":"Remise de l&rsquo;annexe traction : un kit du commerce&#8230; adapt\u00e9 !"},"content":{"rendered":"<div style=\"width: 1000px; overflow: hidden;\"><\/div>\n<p>Lors de la cr\u00e9ation de notre r\u00e9seau \u00ab\u00a0annexe traction\u00a0\u00bb, nous recherchions un b\u00e2timent qui soit suffisamment intemporel pour pouvoir h\u00e9berger aussi bien des diesels des ann\u00e9es &rsquo;60 que ceux d&rsquo;un op\u00e9rateur priv\u00e9 qui nous serait contemporain. Et comme il devait \u00eatre situ\u00e9 au premier plan du module, nous souhaitions qu&rsquo;il soit suffisamment \u00ab\u00a0transparent\u00a0\u00bb pour permettre d&rsquo;admirer les locomotives qu&rsquo;il abrite.<\/p>\n<p><img decoding=\"async\" loading=\"lazy\" class=\"size-medium wp-image-89 alignleft\" src=\"http:\/\/yqw1589.phpnet.org\/wordpress\/wordpress\/wp-content\/uploads\/2017\/09\/remise-locomotive-beton-1-87e-1-300x169.jpg\" alt=\"\" width=\"300\" height=\"169\" srcset=\"http:\/\/yqw1589.phpnet.org\/wordpress\/wordpress\/wp-content\/uploads\/2017\/09\/remise-locomotive-beton-1-87e-1-300x169.jpg 300w, http:\/\/yqw1589.phpnet.org\/wordpress\/wordpress\/wp-content\/uploads\/2017\/09\/remise-locomotive-beton-1-87e-1-768x432.jpg 768w, http:\/\/yqw1589.phpnet.org\/wordpress\/wordpress\/wp-content\/uploads\/2017\/09\/remise-locomotive-beton-1-87e-1.jpg 1000w\" sizes=\"(max-width: 300px) 100vw, 300px\" \/>Notre choix s&rsquo;est rapidement arr\u00eat\u00e9 sur la remise b\u00e9ton 3 voies de <a href=\"http:\/\/www.la-boutique-du-maquettiste.fr\/batiments-ferroviaires-\/381-remise-locomotive-beton-1-87e.html\" target=\"_blank\" rel=\"noopener\">la Boutique du Maquettiste<\/a>.<\/p>\n<p>Seulement voil\u00e0, elle abrite 3 voies&#8230; ce qui est un peu trop imposant pour notre projet. Qu&rsquo;\u00e0 cela ne tienne, nous avons d\u00e9cid\u00e9 de l&rsquo;adapter \u00e0 notre besoin et de la r\u00e9duire \u00e0 2 voies, ce qui gomme d&rsquo;ailleurs son aspect \u00ab\u00a0carr\u00e9\u00a0\u00bb d&rsquo;origine.<\/p>\n<p>Arm\u00e9s d&rsquo;un scalpel, nous avons entrepris la modification du b\u00e2timent, en essayant au maximum de modifier les pi\u00e8ces les moins visibles.<\/p>\n<p><img decoding=\"async\" loading=\"lazy\" class=\"alignnone size-medium wp-image-90\" src=\"http:\/\/yqw1589.phpnet.org\/wordpress\/wordpress\/wp-content\/uploads\/2017\/09\/20160319_160817-300x169.jpg\" alt=\"\" width=\"300\" height=\"169\" srcset=\"http:\/\/yqw1589.phpnet.org\/wordpress\/wordpress\/wp-content\/uploads\/2017\/09\/20160319_160817-300x169.jpg 300w, http:\/\/yqw1589.phpnet.org\/wordpress\/wordpress\/wp-content\/uploads\/2017\/09\/20160319_160817-768x432.jpg 768w, http:\/\/yqw1589.phpnet.org\/wordpress\/wordpress\/wp-content\/uploads\/2017\/09\/20160319_160817-1024x576.jpg 1024w\" sizes=\"(max-width: 300px) 100vw, 300px\" \/>\u00a0 \u00a0\u00a0<img decoding=\"async\" loading=\"lazy\" class=\"alignnone size-medium wp-image-91\" src=\"http:\/\/yqw1589.phpnet.org\/wordpress\/wordpress\/wp-content\/uploads\/2017\/09\/20160415_221305-e1506364196980-300x169.jpg\" alt=\"\" width=\"300\" height=\"169\" srcset=\"http:\/\/yqw1589.phpnet.org\/wordpress\/wordpress\/wp-content\/uploads\/2017\/09\/20160415_221305-e1506364196980-300x169.jpg 300w, http:\/\/yqw1589.phpnet.org\/wordpress\/wordpress\/wp-content\/uploads\/2017\/09\/20160415_221305-e1506364196980-768x432.jpg 768w, http:\/\/yqw1589.phpnet.org\/wordpress\/wordpress\/wp-content\/uploads\/2017\/09\/20160415_221305-e1506364196980-1024x576.jpg 1024w\" sizes=\"(max-width: 300px) 100vw, 300px\" \/><\/p>\n<p>La modification a pu s&rsquo;effectuer sans grande difficult\u00e9, et nous sommes tr\u00e8s satisfaits du r\u00e9sultat.<\/p>\n<p><img decoding=\"async\" loading=\"lazy\" class=\"alignnone wp-image-93\" src=\"http:\/\/yqw1589.phpnet.org\/wordpress\/wordpress\/wp-content\/uploads\/2017\/09\/IMG_6781_remise-BDE-300x200.jpg\" alt=\"\" width=\"720\" height=\"481\" srcset=\"http:\/\/yqw1589.phpnet.org\/wordpress\/wordpress\/wp-content\/uploads\/2017\/09\/IMG_6781_remise-BDE-300x200.jpg 300w, http:\/\/yqw1589.phpnet.org\/wordpress\/wordpress\/wp-content\/uploads\/2017\/09\/IMG_6781_remise-BDE-768x513.jpg 768w, http:\/\/yqw1589.phpnet.org\/wordpress\/wordpress\/wp-content\/uploads\/2017\/09\/IMG_6781_remise-BDE.jpg 947w\" sizes=\"(max-width: 720px) 100vw, 720px\" \/><\/p>\n","protected":false},"excerpt":{"rendered":"<p>Lors de la cr\u00e9ation de notre r\u00e9seau \u00ab\u00a0annexe traction\u00a0\u00bb, nous recherchions un b\u00e2timent qui soit suffisamment intemporel pour pouvoir h\u00e9berger aussi bien des diesels des ann\u00e9es &rsquo;60 que ceux d&rsquo;un&#8230; <a class=\"read-more\" href=\"http:\/\/amfac60.org\/?p=104\">[Continuer la lecture]<\/a><\/p>\n","protected":false},"author":3,"featured_media":93,"comment_status":"open","ping_status":"open","sticky":false,"template":"","format":"standard","meta":[],"categories":[4],"tags":[],"_links":{"self":[{"href":"http:\/\/amfac60.org\/index.php?rest_route=\/wp\/v2\/posts\/104"}],"collection":[{"href":"http:\/\/amfac60.org\/index.php?rest_route=\/wp\/v2\/posts"}],"about":[{"href":"http:\/\/amfac60.org\/index.php?rest_route=\/wp\/v2\/types\/post"}],"author":[{"embeddable":true,"href":"http:\/\/amfac60.org\/index.php?rest_route=\/wp\/v2\/users\/3"}],"replies":[{"embeddable":true,"href":"http:\/\/amfac60.org\/index.php?rest_route=%2Fwp%2Fv2%2Fcomments&post=104"}],"version-history":[{"count":8,"href":"http:\/\/amfac60.org\/index.php?rest_route=\/wp\/v2\/posts\/104\/revisions"}],"predecessor-version":[{"id":127,"href":"http:\/\/amfac60.org\/index.php?rest_route=\/wp\/v2\/posts\/104\/revisions\/127"}],"wp:featuredmedia":[{"embeddable":true,"href":"http:\/\/amfac60.org\/index.php?rest_route=\/wp\/v2\/media\/93"}],"wp:attachment":[{"href":"http:\/\/amfac60.org\/index.php?rest_route=%2Fwp%2Fv2%2Fmedia&parent=104"}],"wp:term":[{"taxonomy":"category","embeddable":true,"href":"http:\/\/amfac60.org\/index.php?rest_route=%2Fwp%2Fv2%2Fcategories&post=104"},{"taxonomy":"post_tag","embeddable":true,"href":"http:\/\/amfac60.org\/index.php?rest_route=%2Fwp%2Fv2%2Ftags&post=104"}],"curies":[{"name":"wp","href":"https:\/\/api.w.org\/{rel}","templated":true}]}}